{"id":18656,"date":"2025-03-06T05:59:22","date_gmt":"2025-03-06T05:59:22","guid":{"rendered":"https:\/\/dekam-fiber.com\/?p=18656"},"modified":"2025-03-08T09:41:39","modified_gmt":"2025-03-08T09:41:39","slug":"fibre-optic-signal-loss-and-attenuation","status":"publish","type":"post","link":"https:\/\/dekam-fiber.com\/es\/fibre-optic-signal-loss-and-attenuation\/","title":{"rendered":"Aprenda sobre la p\u00e9rdida y atenuaci\u00f3n de la se\u00f1al de fibra \u00f3ptica"},"content":{"rendered":"<p>Hoy en d\u00eda, la transferencia de datos a alta velocidad a nivel mundial depende de la fibra \u00f3ptica, pero la p\u00e9rdida y atenuaci\u00f3n de la se\u00f1al pueden causar problemas. Si no se gestionan estas p\u00e9rdidas, su red podr\u00eda experimentar velocidades lentas y un rendimiento reducido. Sin embargo, \u00a1no se preocupe! La buena noticia es que las p\u00e9rdidas se pueden minimizar.<\/p>\n\n\n\n<p>Por lo tanto, el prop\u00f3sito de este blog es familiarizarte con los problemas de p\u00e9rdida de fibra \u00f3ptica y sus causas. En este art\u00edculo, descubrir\u00e1s qu\u00e9 es la p\u00e9rdida de se\u00f1al en la fibra, sus tipos, su medici\u00f3n y consejos para minimizarla. \u00a1No te pierdas esta oportunidad!<\/p>\n\n\n\n\n\n<figure class=\"wp-block-image size-full\"><img fetchpriority=\"high\" decoding=\"async\" width=\"600\" height=\"314\" src=\"https:\/\/dekam-fiber.com\/wp-content\/uploads\/2025\/03\/image-3.jpeg\" alt=\"P\u00e9rdida y atenuaci\u00f3n de la se\u00f1al de fibra \u00f3ptica\" class=\"wp-image-18659\"\/><\/figure>\n\n\n\n<p><em>Figura n.\u00ba 1 P\u00e9rdida y atenuaci\u00f3n de la se\u00f1al de fibra \u00f3ptica<\/em><\/p>\n\n\n\n<h2 class=\"wp-block-heading\"><strong><em>1) \u00bfQu\u00e9 es? <\/em><\/strong><strong><em>P\u00e9rdida de fibra \u00f3ptica<\/em><\/strong><strong><em>?<\/em><\/strong><\/h2>\n\n\n\n<p><em>&quot;<\/em><em>P\u00e9rdida de fibra \u00f3ptica <\/em><em>\u201cOcurre cuando una parte de la luz que viaja actualmente a trav\u00e9s del cable se debilita antes de llegar al extremo terminal\u201d.&nbsp;<\/em><\/p>\n\n\n\n<p>Adem\u00e1s, imaginemos un escenario en el que una persona grita en lo profundo de un t\u00fanel; al principio, la voz se escucha bien, pero a medida que se propaga, su volumen disminuye. Este desvanecimiento se conoce como <a href=\"https:\/\/www.sciencedirect.com\/topics\/engineering\/fiber-attenuation\" target=\"_blank\" rel=\"noreferrer noopener\">atenuaci\u00f3n en fibra \u00f3ptica<\/a>, donde se mide en decibelios por kil\u00f3metro (dB\/km).\u00a0<\/p>\n\n\n\n<ul class=\"wp-block-list\">\n<li><strong><em>P\u00e9rdida de fibra \u00f3ptica vs. Atenuaci\u00f3n<\/em><\/strong><\/li>\n<\/ul>\n\n\n\n<p>Ahora bien, quiz\u00e1s te preguntes cu\u00e1l es la diferencia entre p\u00e9rdida y atenuaci\u00f3n. \u00a1Pues bien! La p\u00e9rdida describe cualquier disminuci\u00f3n en la potencia de la se\u00f1al. Por otro lado, la atenuaci\u00f3n se refiere a un tipo espec\u00edfico de p\u00e9rdida que se produce en la fibra debido a la absorci\u00f3n y dispersi\u00f3n de la luz. Adem\u00e1s, ten en cuenta que esto es especialmente importante al usar internet de larga distancia o redes de alta velocidad.&nbsp;<\/p>\n\n\n\n<p>Sin embargo, sin soluciones, las videollamadas se ralentizar\u00edan, la transmisi\u00f3n se quedar\u00eda en buffer repetidamente y las descargas se ralentizar\u00edan considerablemente. Por eso, minimizar la p\u00e9rdida de fibra \u00f3ptica es crucial.<\/p>\n\n\n\n<h2 class=\"wp-block-heading\"><strong><em>2) Tipos de p\u00e9rdida de fibra \u00f3ptica y sus causas<\/em><\/strong><\/h2>\n\n\n\n<p>La p\u00e9rdida de fibra \u00f3ptica (db\/km) se clasifica en dos grupos: intr\u00ednseca y extr\u00ednseca. Estas a su vez se clasifican en varios tipos, cada uno con una causa diferente. \u00a1Veamos el proceso!<\/p>\n\n\n\n<h3 class=\"wp-block-heading\"><strong><em>i) P\u00e9rdidas intr\u00ednsecas<\/em><\/strong><\/h3>\n\n\n\n<p>Este tipo de p\u00e9rdida se refiere a la causada por el propio material de la fibra. Lamentablemente, no se puede eliminar por completo de la fibra, pero parte de ella se puede reducir utilizando material de alta calidad.<\/p>\n\n\n\n<h4 class=\"wp-block-heading\"><strong><em>a. P\u00e9rdida de absorci\u00f3n&nbsp;<\/em><\/strong><\/h4>\n\n\n\n<p>Let\u2019s say you flash a light through a dirty window, but some light does not pass through. Similarly, in your fibre optic cables, when light enters the glass core, it absorbs energy due to the glass&#8217;s tiny impurities transforming it into heat which is known as absorption loss.<\/p>\n\n\n\n<ul class=\"wp-block-list\">\n<li><strong>Causa principal:<\/strong>&nbsp;<\/li>\n<\/ul>\n\n\n\n<ul class=\"wp-block-list\">\n<li><em>La principal causa de la p\u00e9rdida de absorci\u00f3n son las bajas concentraciones de iones OH- (mol\u00e9culas de agua) presentes en la fibra. Estos iones capturan energ\u00eda, lo que debilita la se\u00f1al alrededor de 1383 nm. Tenga en cuenta que la mayor\u00eda del vidrio, incluso con una pureza \u00f3ptima, absorbe energ\u00eda. Sin embargo, algunos materiales m\u00e1s adecuados para las fibras pueden minimizar este problema.<\/em><\/li>\n<\/ul>\n\n\n\n<ul class=\"wp-block-list\">\n<li><strong><em>Ejemplo:<\/em><\/strong><\/li>\n<\/ul>\n\n\n\n<p>A 1550 nm, una fibra de buena calidad presenta una p\u00e9rdida de absorci\u00f3n de aproximadamente 0,2 dB\/km. Si las fibras presentan m\u00e1s impurezas, la p\u00e9rdida se incrementa a\u00fan m\u00e1s.&nbsp;<\/p>\n\n\n\n<figure class=\"wp-block-image\"><img decoding=\"async\" src=\"https:\/\/lh7-rt.googleusercontent.com\/docsz\/AD_4nXccP51VM0WsBxWq2CsymtNNsvNpgOdBEMgPfVWfxZKgpoy-jRp8Sar3VhOfksfYRrinzf_EFX3sjjHlsmbwd1Mc857rdwBZIwYtP18_FLJaY3waUzIdOW3yFal6BlKo3syVrEnm?key=9dHdCVCjhUrCe1WtFXhQZIEI\" alt=\"Tipos de p\u00e9rdida de fibra\"\/><\/figure>\n\n\n\n<p><em>Figura n\u00b0 2 Tipos de <\/em><em>p\u00e9rdida de fibra<\/em><\/p>\n\n\n\n<h4 class=\"wp-block-heading\"><strong><em>b. P\u00e9rdida por dispersi\u00f3n&nbsp;<\/em><\/strong><\/h4>\n\n\n\n<p>\u00bfAlguna vez has visto c\u00f3mo la niebla dispersa los rayos del sol? Eso es lo que ocurre en tu cable de fibra \u00f3ptica. Por ejemplo, cuando cambios microsc\u00f3picos en el material de la fibra hacen que la luz se disperse en distintas direcciones, esto se conoce como dispersi\u00f3n de Rayleigh.<\/p>\n\n\n\n<ul class=\"wp-block-list\">\n<li><strong>Causa principal:<\/strong>&nbsp;<\/li>\n<\/ul>\n\n\n\n<ul class=\"wp-block-list\">\n<li><em>The fibre&#8217;s small density changes during the manufacturing process. These small imperfections change the scattering of energy.<\/em><\/li>\n<\/ul>\n\n\n\n<ul class=\"wp-block-list\">\n<li><strong><em>Ejemplo:<\/em><\/strong><\/li>\n<\/ul>\n\n\n\n<ul class=\"wp-block-list\">\n<li>Las p\u00e9rdidas por dispersi\u00f3n de Rayleigh son de 0,18 dB\/km a 1550 nm y aumentan a 2,5 dB\/km a 850 nm. Por eso preferimos longitudes de onda m\u00e1s largas para la comunicaci\u00f3n a distancia.<\/li>\n<\/ul>\n\n\n\n<h3 class=\"wp-block-heading\"><strong><em>ii) P\u00e9rdidas extr\u00ednsecas&nbsp;<\/em><\/strong><\/h3>\n\n\n\n<p>La p\u00e9rdida extr\u00ednseca es lo opuesto a la p\u00e9rdida intr\u00ednseca; se produce debido a acciones sobre la fibra, como curvaturas excesivas, conexiones deficientes y la adici\u00f3n de m\u00e1s elementos de red de los necesarios. No se preocupe, casi todos estos problemas se pueden solucionar o est\u00e1n bajo su control.<\/p>\n\n\n\n<h4 class=\"wp-block-heading\"><strong><em>c. P\u00e9rdida por flexi\u00f3n<\/em><\/strong><\/h4>\n\n\n\n<p>Si doblas una pajita m\u00e1s all\u00e1 de cierto \u00e1ngulo, el l\u00edquido deja de fluir libremente. De igual manera, si doblas demasiado tu... <a href=\"https:\/\/dekam-fiber.com\/es\/ofc-cable\/\" target=\"_blank\" rel=\"noreferrer noopener\">cable de fibra \u00f3ptica<\/a>Ocurre lo mismo. En lugar de estar perfectamente contenida en el n\u00facleo, una parte de la luz se filtra, lo que perjudica el valor de la se\u00f1al. \u00a1Veamos sus tipos!<\/p>\n\n\n\n<ul class=\"wp-block-list\">\n<li><strong><em>Macrocurvatura:<\/em><\/strong><em> Las curvas pronunciadas en el cable de fibra, como cuando se enrolla demasiado o se pisa, tambi\u00e9n tienen consecuencias. Por ejemplo, se puede esperar una gran p\u00e9rdida de se\u00f1al si la fibra se somete a curvas con un radio inferior a 30 mm.<\/em><\/li>\n<\/ul>\n\n\n\n<ul class=\"wp-block-list\">\n<li><strong><em>Microcurvado: <\/em><\/strong><em>Este tipo de p\u00e9rdida por flexi\u00f3n se debe a la presi\u00f3n externa y a una mala instalaci\u00f3n de la fibra. Por ejemplo, una abolladura en la fibra puede aumentar la p\u00e9rdida en 0,5 dB o incluso m\u00e1s.<\/em><\/li>\n<\/ul>\n\n\n\n<h4 class=\"wp-block-heading\"><strong><em>d. <\/em><\/strong><strong><em>P\u00e9rdida de empalme y conector de fibra<\/em><\/strong><\/h4>\n\n\n\n<p>Cada vez que se unen dos cables de fibra \u00f3ptica, es posible que se produzca cierta p\u00e9rdida de luz debido a una alineaci\u00f3n incorrecta. Esto ocurre tanto en los conectores como en las uniones, y puede afectar negativamente a la red. \u00a1Analicemos sus tipos!<\/p>\n\n\n\n<ul class=\"wp-block-list\">\n<li><strong><em>Empalme por fusi\u00f3n: <\/em><\/strong><em>Esta t\u00e9cnica une las fibras a trav\u00e9s del calor y proporciona una conexi\u00f3n con baja p\u00e9rdida (alrededor de 0,1 dB de p\u00e9rdida).<\/em><\/li>\n<\/ul>\n\n\n\n<ul class=\"wp-block-list\">\n<li><strong><em>Empalme mec\u00e1nico: <\/em><\/strong><em>Las fibras se unen entre s\u00ed mediante un pegamento y perder\u00e1n aproximadamente 0,5 dB o m\u00e1s si se hace incorrectamente.<\/em><\/li>\n<\/ul>\n\n\n\n<p>Adem\u00e1s, tenga en cuenta que si los extremos de salida de sus fibras est\u00e1n simplemente alineados, incluso un peque\u00f1o espacio puede provocar una p\u00e9rdida significativa de se\u00f1ales.<\/p>\n\n\n\n<h4 class=\"wp-block-heading\"><strong><em>e. P\u00e9rdida de inserci\u00f3n&nbsp;<\/em><\/strong><\/h4>\n\n\n\n<p>Adem\u00e1s de todo esto, la red de fibra est\u00e1 perdiendo calidad debido a la adici\u00f3n de elementos como conectores, divisores y acopladores que reducen la cantidad de buena se\u00f1al en el sistema.<\/p>\n\n\n\n<p>Por ejemplo, el conector est\u00e1ndar aumenta la p\u00e9rdida a aproximadamente 0,2 dB. Adem\u00e1s, seg\u00fan el tipo de divisor, la p\u00e9rdida adicional se reduce a 3 dB o m\u00e1s, lo que significa que la se\u00f1al se reduce a la mitad.<\/p>\n\n\n\n<p>Adem\u00e1s, Peter Brown, especialista en operaciones de Shanghai Baudcom Communication Device Co., Ltd., en Qoura, tambi\u00e9n mencion\u00f3 las mismas razones de p\u00e9rdida de fibra. Por lo tanto, debemos considerarlas y buscar soluciones para disfrutar de internet de alta velocidad sin interrupciones.<\/p>\n\n\n\n<figure class=\"wp-block-image\"><img decoding=\"async\" src=\"https:\/\/lh7-rt.googleusercontent.com\/docsz\/AD_4nXf8ex1Ycl0wGYZ8tcMBYUkf7kkcv0RUwrnVQBH7bItybCKvY4bwvPBAUtZL7UorNY1IkdeF8aigIXPKC4HgvlGYG_qWUcsN2IQ1OXGcthyuSpwv88nDDlLC11xOw5wYunoQ_mGm?key=9dHdCVCjhUrCe1WtFXhQZIEI\" alt=\"Quora\"\/><\/figure>\n\n\n\n<ul class=\"wp-block-list\">\n<li><strong><em>Tabla de resumen<\/em><\/strong><\/li>\n<\/ul>\n\n\n\n<figure class=\"wp-block-table\"><table class=\"has-fixed-layout\"><tbody><tr><td><strong><em>Tipo de p\u00e9rdida<\/em><\/strong><\/td><td><strong><em>Causa&nbsp;<\/em><\/strong><\/td><td><strong><em>Efecto<\/em><\/strong><\/td><td><strong><em>P\u00e9rdida t\u00edpica<\/em><\/strong><\/td><\/tr><tr><td><strong><em>P\u00e9rdida de absorci\u00f3n<\/em><\/strong><\/td><td><em>Impurezas (iones OH-)<\/em><\/td><td><em>La luz se convierte en calor.<\/em><\/td><td><em>0,2 dB\/km<\/em><\/td><\/tr><tr><td><strong><em>P\u00e9rdida por dispersi\u00f3n<\/em><\/strong><\/td><td><em>Imperfecciones del material<\/em><\/td><td><em>Luz mal dirigida<\/em><\/td><td><em>0,18 dB\/km<\/em><\/td><\/tr><tr><td><strong><em>P\u00e9rdida por macrocurvatura<\/em><\/strong><\/td><td><em>Grandes curvas de fibra<\/em><\/td><td><em>La luz se filtra<\/em><\/td><td><em>Alto si &lt;30 mm<\/em><\/td><\/tr><tr><td><strong><em>P\u00e9rdida por microcurvatura<\/em><\/strong><\/td><td><em>Peque\u00f1as deformaciones de las fibras<\/em><\/td><td><em>Luz mal dirigida<\/em><\/td><td><em>0,2 dB\/conexi\u00f3n<\/em><\/td><\/tr><tr><td><strong><em>P\u00e9rdida del conector<\/em><\/strong><\/td><td><em>Mala alineaci\u00f3n<\/em><\/td><td><em>Pasa menos luz<\/em><\/td><td><em>0,5 dB+<\/em><\/td><\/tr><tr><td><strong><em>P\u00e9rdida de empalme<\/em><\/strong><\/td><td><em>Mala uni\u00f3n de fibras<\/em><\/td><td><em>Debilita la transmisi\u00f3n de datos<\/em><\/td><td><em>0,1 dB (fusi\u00f3n), 0,5 dB (mec\u00e1nico)<\/em><\/td><\/tr><tr><td><strong><em>P\u00e9rdida de inserci\u00f3n<\/em><\/strong><\/td><td><em>Componentes adicionales (divisores)<\/em><\/td><td><em>La se\u00f1al se debilita<\/em><\/td><td><em>3 dB\/divisor<\/em><\/td><\/tr><\/tbody><\/table><\/figure>\n\n\n\n<h2 class=\"wp-block-heading\"><strong><em>3) Medici\u00f3n de la atenuaci\u00f3n \u00f3ptica<\/em><\/strong><\/h2>\n\n\n\n<p>La unidad de medida de las p\u00e9rdidas en fibra \u00f3ptica son los decibelios por kil\u00f3metro (dB\/km). Esto indica la intensidad de la se\u00f1al que se pierde por cada kil\u00f3metro de cable de fibra \u00f3ptica que recorre la luz. Adem\u00e1s, un valor m\u00e1s bajo en dB\/km significa que la fibra es m\u00e1s n\u00edtida y conserva mejor los datos.<\/p>\n\n\n\n<ul class=\"wp-block-list\">\n<li><strong><em>M\u00e9todos para evaluar la p\u00e9rdida de se\u00f1al en la fibra:<\/em><\/strong><\/li>\n<\/ul>\n\n\n\n<p><strong>i) Reflect\u00f3metro \u00f3ptico en el dominio del tiempo (OTDR):<\/strong> Puede considerarse como un radar para su fibra. Env\u00eda pulsos de luz a trav\u00e9s del cable y calcula cu\u00e1nto se refleja. Adem\u00e1s, el OTDR tambi\u00e9n puede localizar con precisi\u00f3n puntos d\u00e9biles, roturas o curvaturas.<\/p>\n\n\n\n<figure class=\"wp-block-image\"><img decoding=\"async\" src=\"https:\/\/lh7-rt.googleusercontent.com\/docsz\/AD_4nXeHPJyPkm7RUxtHwQspQsaV89Xdk1CsbIDaM2EBOQiobfzyt0ZZk-bBOPDddi8G8LHlR2paPSnKY9fOu2FniqgKfYIA9g82sEttYmjAqYrDUNFGgok0Qi5EiwZpEnwr7wdkQHHwRQ?key=9dHdCVCjhUrCe1WtFXhQZIEI\" alt=\"Reflect\u00f3metro \u00f3ptico en el dominio del tiempo (OTDR)\"\/><\/figure>\n\n\n\n<p><em>Figura n.\u00ba 3 Reflect\u00f3metro \u00f3ptico en el dominio del tiempo (OTDR)<\/em><\/p>\n\n\n\n<p><strong>ii) M\u00e9todo de reducci\u00f3n: <\/strong>Esta t\u00e9cnica consiste en enviar luz a trav\u00e9s de la fibra y medir la luz residual en los puertos de entrada y salida. Si bien es muy fiable, al cortar la fibra, se desperdicia un peque\u00f1o fragmento.<\/p>\n\n\n\n<figure class=\"wp-block-image\"><img decoding=\"async\" src=\"https:\/\/lh7-rt.googleusercontent.com\/docsz\/AD_4nXdX0d09OTiMIMxe1yVa8wq4UK1Kes2ZBczvZqxnvpY6hKJGkeca8Rd083HSpsuXzU0sWvX8KfuOBL35IWaUP_Sfmm9Ej9LPE8RaIIDo6xhHC0l3Sl22JL78EdKP8Pwxzvzxqz5V?key=9dHdCVCjhUrCe1WtFXhQZIEI\" alt=\"M\u00e9todo de reducci\u00f3n\"\/><\/figure>\n\n\n\n<p><em>Figura n.\u00b0 4 M\u00e9todo de reducci\u00f3n<\/em><\/p>\n\n\n\n<p><strong>iii) Mediciones del medidor de potencia:<\/strong> Este m\u00e9todo implica el uso de una fuente de luz y un medidor de potencia para medir la luz presente en el extremo terminal del cable. Este m\u00e9todo es sencillo y, por lo tanto, se recomienda durante la configuraci\u00f3n inicial y el mantenimiento regular de las redes de fibra \u00f3ptica.<\/p>\n\n\n\n<figure class=\"wp-block-image\"><img decoding=\"async\" src=\"https:\/\/lh7-rt.googleusercontent.com\/docsz\/AD_4nXdUiPCTnK0zwdy59WBKIbi8zHodxO_aFgKC4ZD3wMZeGlbWD-g1tLtw3bKnHNOoqhnGxxopeGRuR7wBh6pea7iTWZWiuwjGVh7LqgLO4wrkq6Kxn9GWOgvnin-odTyf1O_ElJsjOA?key=9dHdCVCjhUrCe1WtFXhQZIEI\" alt=\"Medidor de potencia \u00f3ptica\"\/><\/figure>\n\n\n\n<p><em>Figura n.\u00ba 5 Medidor de potencia \u00f3ptica<\/em><\/p>\n\n\n\n<p>De esta forma, comprobando peri\u00f3dicamente la atenuaci\u00f3n, se garantiza que la fibra se mantiene en \u00f3ptimas condiciones y contin\u00faa facilitando una r\u00e1pida transferencia de datos.<\/p>\n\n\n\n<h2 class=\"wp-block-heading\"><strong><em>4) \u00d3ptico<\/em><\/strong><strong><em> C\u00e1lculo de p\u00e9rdida de fibra&nbsp;<\/em><\/strong><\/h2>\n\n\n\n<p>Tambi\u00e9n puedes <a href=\"https:\/\/www.fs.com\/blog\/understanding-fiber-loss-what-is-it-and-how-to-calculate-it-3792.html\" target=\"_blank\" rel=\"noreferrer noopener\">Calcular la p\u00e9rdida de fibra \u00f3ptica<\/a> utilizando la f\u00f3rmula mencionada a continuaci\u00f3n;<\/p>\n\n\n\n<p><strong>P\u00e9rdida (dB)=10 \u00d7 log\u206110 (P<\/strong><strong>en&nbsp; <\/strong><strong>\/PAG<\/strong><strong>afuera <\/strong><strong>)&nbsp;<\/strong><\/p>\n\n\n\n<p>D\u00f3nde:&nbsp;<\/p>\n\n\n\n<p><strong>PAG<\/strong><strong>en <\/strong><strong>&nbsp;<\/strong>= Potencia de entrada, o la intensidad de la se\u00f1al al inicio.<\/p>\n\n\n\n<p><strong>PAG<\/strong><strong>afuera<\/strong><strong> <\/strong>&nbsp;= Potencia de salida, o la intensidad de la se\u00f1al al final.&nbsp;<\/p>\n\n\n\n<p>En este caso, la unidad de medida son decibelios (dB), que significa el nivel de p\u00e9rdida de se\u00f1al.<\/p>\n\n\n\n<ul class=\"wp-block-list\">\n<li><strong><em>Ejemplo de c\u00e1lculo<\/em><\/strong><\/li>\n<\/ul>\n\n\n\n<p>Supongamos que la potencia de entrada es de 1 mW y la de salida de 0,5 mW. La p\u00e9rdida se calcula de la siguiente manera:<\/p>\n\n\n\n<p>P\u00e9rdida = 10 \u00d7 log10 ( 1\/0.5 ) = 10 \u00d7 log10 ( 2 ) = P\u00e9rdida de 3 dB&nbsp;<\/p>\n\n\n\n<p>Esto da como resultado una p\u00e9rdida de 3 dB de potencia de se\u00f1al.<\/p>\n\n\n\n<ul class=\"wp-block-list\">\n<li><strong><em>P\u00e9rdida por kil\u00f3metro<\/em><\/strong><\/li>\n<\/ul>\n\n\n\n<p>Adem\u00e1s, si quieres encontrar la atenuaci\u00f3n por kil\u00f3metro, \u00a1puedes utilizar la f\u00f3rmula mencionada a continuaci\u00f3n!<\/p>\n\n\n\n<p><strong>Atenuaci\u00f3n (db\/km) = P\u00e9rdida total\/Longitud de la fibra<\/strong><\/p>\n\n\n\n<h2 class=\"wp-block-heading\"><strong><em>5) Consejos para minimizar <\/em><\/strong><strong><em>P\u00e9rdida de fibra<\/em><\/strong><\/h2>\n\n\n\n<p>In this section, I\u2019ll share with you some useful tips which you can utilize to enjoy your internet without facing signal loss problems. So, let&#8217;s get started!<\/p>\n\n\n\n<p><strong>?<\/strong><strong> Utilice fibra de calidad: <\/strong>Como siempre, es fundamental empezar con los mejores materiales. Algunos presentan peque\u00f1os defectos que absorben la luz y debilitan la se\u00f1al, como algunos cables de fibra \u00f3ptica. Por lo tanto, opte por vidrio de s\u00edlice ultrapuro, ya que se refina con sumo cuidado para reducir todas las impurezas, incluso los iones OH.<\/p>\n\n\n\n<p><strong>? <\/strong><strong>Tratar con cuidado:<\/strong> Adem\u00e1s, debo decir que sus acciones deben complementar el dise\u00f1o del sistema \u00f3ptico. Considere el cable de fibra \u00f3ptica como una pajita de cristal muy delicada. \u00bfSabe que doblar una pajita demasiado provoca p\u00e9rdidas? Por lo tanto, le sugerimos evitar las esquinas afiladas y las ataduras apretadas que puedan comprimir la fibra, ya que pueden crear curvas en la se\u00f1al y, en \u00faltima instancia, se\u00f1ales m\u00e1s d\u00e9biles.<\/p>\n\n\n\n<figure class=\"wp-block-image\"><img decoding=\"async\" src=\"https:\/\/lh7-rt.googleusercontent.com\/docsz\/AD_4nXcxaSTsj6C8jKIWsqLBCzSPVKByo3lNHdh73iut0dw4Pr64NBPWrkGv8zTWOfszVt3o7__fhXxdnJrXNFhAlDchrGP1vVpbR4zUn-1q-jjmG1QrAY2NJCzbOAt3XqcpCLeD6cmp?key=9dHdCVCjhUrCe1WtFXhQZIEI\" alt=\"Probar los cables peri\u00f3dicamente\"\/><\/figure>\n\n\n\n<p><em>Figura n.\u00ba 6 Prueba de cables peri\u00f3dicamente<\/em><\/p>\n\n\n\n<p><strong>? <\/strong><strong>Utilice buenos conectores y empalmes:<\/strong> Adem\u00e1s, tenga en cuenta que la se\u00f1al se perder\u00e1 si los conectores est\u00e1n sucios o desalineados. Aseg\u00farese de limpiarlos antes de conectarlos. Para empalmar fibras, le recomiendo realizar un empalme por fusi\u00f3n (fusi\u00f3n de los extremos). Esto se debe a que, con este m\u00e9todo, se pierden aproximadamente 0,1 dB menos que con el empalme mec\u00e1nico, que tiene p\u00e9rdidas de 0,2 a 0,75 dB.<\/p>\n\n\n\n<figure class=\"wp-block-image\"><img decoding=\"async\" src=\"https:\/\/lh7-rt.googleusercontent.com\/docsz\/AD_4nXeiiRoOliIadpCxFw9l1XEYb1VmBc3aTlEvJhh-k69qyZ6Wpcqa0Pr1Xm6l1PYCQAsfZcy-RMcia30cy3I-pPcebW01SMPyIvjSwnw7paYQUa6aDBBjToWCGbzpaSNqyYpIMDfvxw?key=9dHdCVCjhUrCe1WtFXhQZIEI\" alt=\"Empalme por fusi\u00f3n de cables de fibra\"\/><\/figure>\n\n\n\n<p><em>Figura n.\u00ba 7 Empalme por fusi\u00f3n de cables de fibra<\/em><\/p>\n\n\n\n<p><strong>? Pruebe y mantenga regularmente: <\/strong>Por \u00faltimo,<strong> <\/strong>Realice pruebas incluso si su fibra est\u00e1 perfectamente instalada. Puede probarla con un OTDR o un medidor de potencia para detectar puntos d\u00e9biles. Adem\u00e1s, la limpieza e inspecci\u00f3n peri\u00f3dicas de los conectores eliminar\u00e1 cualquier p\u00e9rdida innecesaria, manteniendo as\u00ed la red en funcionamiento.<\/p>\n\n\n\n<h2 class=\"wp-block-heading\"><strong><em>6) Veredicto final<\/em><\/strong><\/h2>\n\n\n\n<p>Ahora sabe que la p\u00e9rdida y atenuaci\u00f3n de la se\u00f1al de fibra \u00f3ptica pueden afectar la velocidad y la fiabilidad de la red. La buena noticia es que se puede minimizar. Basta con usar fibra de calidad, manipularla con cuidado, usar buenos conectores y, adem\u00e1s, realizar pruebas peri\u00f3dicas para garantizar una se\u00f1al potente. Si bien la fibra \u00f3ptica ofrece velocidad y eficiencia, su verdadero potencial se alcanza con el cuidado adecuado, garantizando as\u00ed una conexi\u00f3n fluida durante a\u00f1os.\u00a0<br>Adem\u00e1s, te recomendar\u00eda que <a href=\"https:\/\/dekam-fiber.com\/es\/buy-fibre-optic-cable\/\" target=\"_blank\" rel=\"noreferrer noopener\">comprar cables de fibra \u00f3ptica<\/a> De Dekam Fibres. Nuestras fibras \u00f3pticas cuentan con las certificaciones CE, ROHS y otras certificaciones profesionales. Esto garantiza la calidad y seguridad de nuestros productos. \u00a1Visite nuestra p\u00e1gina web hoy mismo!<\/p>","protected":false},"excerpt":{"rendered":"<p>Nowadays, the high-speed transfer of data around the globe depends on fibre optics, but signal loss and attenuation can cause issues. If these losses are not managed, your network may face slow speeds and reduced performance. However, stay calm! There is a good news that loss can be minimized. Therefore, [&hellip;]<\/p>","protected":false},"author":1,"featured_media":18659,"comment_status":"closed","ping_status":"open","sticky":false,"template":"","format":"standard","meta":{"_acf_changed":false,"_seopress_robots_primary_cat":"none","_seopress_titles_title":"Learn About Fibre Optic Signal Loss and Attenuation","_seopress_titles_desc":"","_seopress_robots_index":"","site-sidebar-layout":"default","site-content-layout":"","ast-site-content-layout":"default","site-content-style":"default","site-sidebar-style":"default","ast-global-header-display":"","ast-banner-title-visibility":"","ast-main-header-display":"","ast-hfb-above-header-display":"","ast-hfb-below-header-display":"","ast-hfb-mobile-header-display":"","site-post-title":"","ast-breadcrumbs-content":"","ast-featured-img":"","footer-sml-layout":"","ast-disable-related-posts":"","theme-transparent-header-meta":"","adv-header-id-meta":"","stick-header-meta":"","header-above-stick-meta":"","header-main-stick-meta":"","header-below-stick-meta":"","astra-migrate-meta-layouts":"set","ast-page-background-enabled":"default","ast-page-background-meta":{"desktop":{"background-color":"","background-image":"","background-repeat":"repeat","background-position":"center center","background-size":"auto","background-attachment":"scroll","background-type":"","background-media":"","overlay-type":"","overlay-color":"","overlay-opacity":"","overlay-gradient":""},"tablet":{"background-color":"","background-image":"","background-repeat":"repeat","background-position":"center center","background-size":"auto","background-attachment":"scroll","background-type":"","background-media":"","overlay-type":"","overlay-color":"","overlay-opacity":"","overlay-gradient":""},"mobile":{"background-color":"","background-image":"","background-repeat":"repeat","background-position":"center center","background-size":"auto","background-attachment":"scroll","background-type":"","background-media":"","overlay-type":"","overlay-color":"","overlay-opacity":"","overlay-gradient":""}},"ast-content-background-meta":{"desktop":{"background-color":"var(--ast-global-color-5)","background-image":"","background-repeat":"repeat","background-position":"center center","background-size":"auto","background-attachment":"scroll","background-type":"","background-media":"","overlay-type":"","overlay-color":"","overlay-opacity":"","overlay-gradient":""},"tablet":{"background-color":"var(--ast-global-color-5)","background-image":"","background-repeat":"repeat","background-position":"center center","background-size":"auto","background-attachment":"scroll","background-type":"","background-media":"","overlay-type":"","overlay-color":"","overlay-opacity":"","overlay-gradient":""},"mobile":{"background-color":"var(--ast-global-color-5)","background-image":"","background-repeat":"repeat","background-position":"center center","background-size":"auto","background-attachment":"scroll","background-type":"","background-media":"","overlay-type":"","overlay-color":"","overlay-opacity":"","overlay-gradient":""}},"footnotes":""},"categories":[1],"tags":[],"class_list":["post-18656","post","type-post","status-publish","format-standard","has-post-thumbnail","hentry","category-blog"],"acf":[],"_links":{"self":[{"href":"https:\/\/dekam-fiber.com\/es\/wp-json\/wp\/v2\/posts\/18656","targetHints":{"allow":["GET"]}}],"collection":[{"href":"https:\/\/dekam-fiber.com\/es\/wp-json\/wp\/v2\/posts"}],"about":[{"href":"https:\/\/dekam-fiber.com\/es\/wp-json\/wp\/v2\/types\/post"}],"author":[{"embeddable":true,"href":"https:\/\/dekam-fiber.com\/es\/wp-json\/wp\/v2\/users\/1"}],"replies":[{"embeddable":true,"href":"https:\/\/dekam-fiber.com\/es\/wp-json\/wp\/v2\/comments?post=18656"}],"version-history":[{"count":4,"href":"https:\/\/dekam-fiber.com\/es\/wp-json\/wp\/v2\/posts\/18656\/revisions"}],"predecessor-version":[{"id":18682,"href":"https:\/\/dekam-fiber.com\/es\/wp-json\/wp\/v2\/posts\/18656\/revisions\/18682"}],"wp:featuredmedia":[{"embeddable":true,"href":"https:\/\/dekam-fiber.com\/es\/wp-json\/wp\/v2\/media\/18659"}],"wp:attachment":[{"href":"https:\/\/dekam-fiber.com\/es\/wp-json\/wp\/v2\/media?parent=18656"}],"wp:term":[{"taxonomy":"category","embeddable":true,"href":"https:\/\/dekam-fiber.com\/es\/wp-json\/wp\/v2\/categories?post=18656"},{"taxonomy":"post_tag","embeddable":true,"href":"https:\/\/dekam-fiber.com\/es\/wp-json\/wp\/v2\/tags?post=18656"}],"curies":[{"name":"wp","href":"https:\/\/api.w.org\/{rel}","templated":true}]}}